{"id":1618,"date":"2012-11-13T00:24:28","date_gmt":"2012-11-12T23:24:28","guid":{"rendered":"http:\/\/www.ciunczyk.com\/wordpress\/?p=1618"},"modified":"2012-11-13T00:24:28","modified_gmt":"2012-11-12T23:24:28","slug":"rachu-ciachu-i-po-strachu","status":"publish","type":"post","link":"https:\/\/www.fayka.pl\/?p=1618","title":{"rendered":"Rachu ciachu i po strachu&#8230;"},"content":{"rendered":"<p>Nie przyznawa\u0142em si\u0119 do tego, ale sporo obaw wzbudza\u0142a u mnie perspektywa wk\u0142adania podstawowego zbiornika na wod\u0119 do wn\u0119trza Fayki. Konieczne by\u0142o zorganizowanie ekipy facet\u00f3w do pomocy, bo zbiornik jest za du\u017cy i za ci\u0119\u017cki dla dw\u00f3ch os\u00f3b. Nie wiem dok\u0142adnie, ale wa\u017cy oko\u0142o 100kg. Zgodzicie si\u0119, \u017ce manewrowanie takim niewygodnym pud\u0142em, na wysoko\u015bci trzech metr\u00f3w nad ziemi\u0105, w ciasnym kokpicie, przy konieczno\u015bci postawienia go pionowo, mo\u017ce wywo\u0142ywa\u0107 lekkie uczucie dyskomfortu. Kto\u015b mo\u017ce zlecie\u0107 z burty na gleb\u0119 &#8211; popchni\u0119ty zbiornikiem, kto\u015b mo\u017ce wsadzi\u0107 \u0142ap\u0119 lub nog\u0119 i zbiornik mu j\u0105 zgniecie&#8230; mo\u017cliwo\u015bci jest nieograniczona ilo\u015b\u0107.<\/p>\n<p>Tak wi\u0119c podchodzi\u0142em do tematu jak do je\u017ca \ud83d\ude42<\/p>\n<p>Ale nie by\u0142o ju\u017c rady, m\u00f3j siostrzeniec Micha\u0142 skrzykn\u0105\u0142 grupk\u0119 czterech koleg\u00f3w i wsp\u00f3lnie z Markiem zabrali\u015bmy si\u0119 do operacji &#8222;zbiornik&#8221;. Do wyniesienia go na wysoko\u015b\u0107 pok\u0142adu u\u017cy\u0142em oczywi\u015bcie jednego z naszych podno\u015bnik\u00f3w, potem ch\u0142opaki chwycili zbiornik w sze\u015bciu i wrzucili do wn\u0119trza. Ca\u0142a operacja nie trwa\u0142a wi\u0119cej ni\u017c dwadzie\u015bcia minut! Potem ma\u0142a gratyfikacja dla ch\u0142opak\u00f3w &#8211; w pi\u0105tkowy wiecz\u00f3r wypada\u0142o &#8222;wesprze\u0107 pomocnik\u00f3w&#8221;. Mam nadziej\u0119, \u017ce wypili moje zdrowie&#8230;<\/p>\n<p>Opr\u00f3cz tego wydarzenia w stoczni dzieje si\u0119 to co do tej pory. Panowie Flexiteekowcy przykleili ju\u017c ca\u0142y pok\u0142ad, ale nie doko\u0144czyli fugowania i musieli si\u0119 zwin\u0105\u0107, maj\u0105 doko\u0144czy\u0107 w ci\u0105gu dw\u00f3ch, trzech tygodni. Przynajmniej tak obiecuj\u0105.<\/p>\n<p>Marek przyklei\u0142 na gotowo meble w kabinie dziobowej, od jutra b\u0119dzie montowa\u0142 fronty oraz ko\u0144czy\u0142 szaf\u0119. To zamknie temat mebli w kabinie dziobowej. Ja zrobi\u0142em ju\u017c wszystkie szafki do kabiny rufowej, teraz przechodz\u0105 proces lakierowania. Je\u017celi wszystko p\u00f3jdzie zgodnie z planem, ju\u017c w tym tygodniu wstawimy silnik.<\/p>\n<p>W sobot\u0119 spotka\u0142a mnie przemi\u0142a niespodzianka warta wspomnienia. Codziennie rano jad\u0105c do &#8222;stoczni&#8221; w Biskupcu wst\u0119puj\u0119 lub wst\u0119pujemy, gdy Marek jest na miejscu, do lokalnego sklepu spo\u017cywczego Jadan. Ten sklep jest bardzo dobrze zaopatrzony i co najwa\u017cniejsze, rano sprzedaje \u015bwie\u017cutkie przygotowane na miejscu kanapeczki. Schodz\u0105 one jak woda, bo 50 metr\u00f3w od sklepu jest szko\u0142a i uczniowie ch\u0119tnie si\u0119 zaopatruj\u0105. Tak\u017ce ludzie id\u0105cy do pracy jak ja kupuj\u0105 te kanapki. Ale w sobot\u0119 &#8211; kanapek nie robi\u0105, po prostu brak klient\u00f3w. I tu w\u0142azi taki S\u0142awu\u015b, pyta o kanapk\u0119 &#8211; a mi\u0142a Pani m\u00f3wi:<\/p>\n<p>&#8211; Przepraszam, w soboty nie mamy. Ja na to:<br \/>\n&#8211; No to poprosz\u0119 dwie bu\u0142eczki i sk\u0142adniki &#8211; pasztet, w\u0119dlin\u0119.<\/p>\n<p>Ale i musia\u0142em mie\u0107 bardzo smutn\u0105 min\u0119, bo Pani zapyta\u0142a:<\/p>\n<p>&#8211; A mo\u017ce zrobi\u0107 panu kanapki? Ja na to b\u0142yskawicznie, bez mikrosekundy wahania<br \/>\n&#8211; Tak poprosz\u0119&#8230;<\/p>\n<p>Czy wyobra\u017cacie sobie tak\u0105 scen\u0119 w Biedronce, Realu, Carrefour lub dowolnym innym markecie?<\/p>\n<p>I mo\u017ce w\u0142a\u015bnie dlatego, mimo \u017ce, w malutkim Biskupcu s\u0105 dwie Biedronki, Carrefour oraz centrum handlowe &#8211; w sklepie Jadan zawsze jest pe\u0142no ludzi. A wszyscy zwykle u\u015bmiechni\u0119ci, \u017cartuj\u0105cy ze sob\u0105 i to po obu stronach lady. Bardzo mnie podbudowuj\u0105 takie sytuacje.<\/p>\n<p>W tygodniu odebra\u0142em te\u017c troch\u0119 nierdzewek &#8211; zako\u0144czenia szyn szotowych &#8211; \u0142adne b\u0142yszcz\u0105ce oraz os\u0142ony na wyprowadzenie kabla z paneli s\u0142onecznych. Oryginalne s\u0105 z plastiku. Mo\u017cna po nich chodzi\u0107, ale upadku czego\u015b wi\u0119kszego na nie (jak cho\u0107by spinaker bomu) pewnie nie prze\u017cyj\u0105. Zaprojektowa\u0142em wi\u0119c i zleci\u0142em do wykonania mocne stalowe os\u0142onki.<\/p>\n<p>Odebra\u0142em te\u017c wycinany numerycznie tzw. CNC drewniany profil na kraw\u0119d\u017a biurka. Mo\u017cna zapyta\u0107 czemu nie zrobi\u0119 na skos po lini, tylko bawi\u0119 si\u0119 w CNC. Odpowied\u017a jest bardzo prosta: &#8222;bo tak sobie wymy\u015bli\u0142em&#8221; A tak naprawd\u0119 to na jachcie trzeba unika\u0107 kant\u00f3w. W \u017cyciu chyba te\u017c &#8211; vide &#8222;Z\u0142ote Bursztyny&#8221;.<\/p>\n<p>W tym tygodniu powinny przyj\u015b\u0107 kuchnia, piekarnik, ogrzewanie, klimatyzacja, generator, pod\u0142ogi. Tempo zaczyna by\u0107 ekscytuj\u0105ce hi hi hi.<\/p>\n<p>A na marginesie to za namow\u0105 kolegi Raru (w komentarzu do ostatniego wpisu), obejrza\u0142em polecany przez niego film Kroniki Portowe. Bardzo prosz\u0119 nie robi\u0107 mojej Fayce tego co tam si\u0119 zadzia\u0142o&#8230;<\/p>\n<address>fotki: <a href=\"http:\/\/www.ciunczyk.com\/slawek\/Fayka\/index52.html\" target=\"_blank\">http:\/\/www.ciunczyk.com\/slawek\/Fayka\/<\/a> (strona pi\u0119\u0107dziesi\u0105ta druga i dalej)<\/address>\n","protected":false},"excerpt":{"rendered":"<p>Nie przyznawa\u0142em si\u0119 do tego, ale sporo obaw wzbudza\u0142a u mnie perspektywa wk\u0142adania podstawowego zbiornika na wod\u0119 do wn\u0119trza Fayki. Konieczne by\u0142o zorganizowanie ekipy facet\u00f3w do pomocy, bo zbiornik jest za du\u017cy i za ci\u0119\u017cki dla dw\u00f3ch os\u00f3b. Nie wiem &hellip; <a href=\"https:\/\/www.fayka.pl\/?p=1618\">Czytaj dalej <span class=\"meta-nav\">&rarr;<\/span><\/a><\/p>\n","protected":false},"author":2,"featured_media":0,"comment_status":"open","ping_status":"open","sticky":false,"template":"","format":"standard","meta":{"footnotes":""},"categories":[5],"tags":[],"class_list":["post-1618","post","type-post","status-publish","format-standard","hentry","category-gotowe"],"jetpack_featured_media_url":"","_links":{"self":[{"href":"https:\/\/www.fayka.pl\/index.php?rest_route=\/wp\/v2\/posts\/1618","targetHints":{"allow":["GET"]}}],"collection":[{"href":"https:\/\/www.fayka.pl\/index.php?rest_route=\/wp\/v2\/posts"}],"about":[{"href":"https:\/\/www.fayka.pl\/index.php?rest_route=\/wp\/v2\/types\/post"}],"author":[{"embeddable":true,"href":"https:\/\/www.fayka.pl\/index.php?rest_route=\/wp\/v2\/users\/2"}],"replies":[{"embeddable":true,"href":"https:\/\/www.fayka.pl\/index.php?rest_route=%2Fwp%2Fv2%2Fcomments&post=1618"}],"version-history":[{"count":0,"href":"https:\/\/www.fayka.pl\/index.php?rest_route=\/wp\/v2\/posts\/1618\/revisions"}],"wp:attachment":[{"href":"https:\/\/www.fayka.pl\/index.php?rest_route=%2Fwp%2Fv2%2Fmedia&parent=1618"}],"wp:term":[{"taxonomy":"category","embeddable":true,"href":"https:\/\/www.fayka.pl\/index.php?rest_route=%2Fwp%2Fv2%2Fcategories&post=1618"},{"taxonomy":"post_tag","embeddable":true,"href":"https:\/\/www.fayka.pl\/index.php?rest_route=%2Fwp%2Fv2%2Ftags&post=1618"}],"curies":[{"name":"wp","href":"https:\/\/api.w.org\/{rel}","templated":true}]}}