{"id":1660,"date":"2012-11-26T23:11:57","date_gmt":"2012-11-26T22:11:57","guid":{"rendered":"http:\/\/www.ciunczyk.com\/wordpress\/?p=1660"},"modified":"2012-11-26T23:11:57","modified_gmt":"2012-11-26T22:11:57","slug":"odchudzamy-pania-fayke","status":"publish","type":"post","link":"https:\/\/www.fayka.pl\/?p=1660","title":{"rendered":"Odchudzamy Pani\u0105 Fayk\u0119&#8230;"},"content":{"rendered":"<p>Zanim jednak napisz\u0119 o co chodzi z tym odchudzaniem, chcia\u0142bym was poinformowa\u0107, \u017ce data oficjalnej imprezy na zako\u0144czenie budowy Fayki i jej chrzest zosta\u0142a ju\u017c ustalona i zabukowana.<\/p>\n<p>To wa\u017cne, impreza odb\u0119dzie si\u0119, cho\u0107by Fayka nie by\u0142a gotowa. Dok\u0142adam jednak wszelkich stara\u0144 by jednak do tego nie dosz\u0142o i \u015bwi\u0119towanie by\u0142o w realu a nie wirtualu, cho\u0107 oczywi\u015bcie mo\u017ce si\u0119 zdarzy\u0107, \u017ce poduszeczka na kanapie nie b\u0119dzie mia\u0142a w\u0142a\u015bciwego wgi\u0119cia ;-)\u00b9<\/p>\n<p>To jest konkurs, kto napisze w komentarzu do tego posta o co chodzi z poduszeczk\u0105, wygrywa bezp\u0142atny tydzie\u0144 wakacji na Fayce z osob\u0105 towarzysz\u0105c\u0105<\/p>\n<p>Uwaga!!! WSZYSCY czytelnicy bloga s\u0105 zaproszeni na imprez\u0119, jej szczeg\u00f3\u0142y oraz mo\u017cliwo\u015b\u0107 zapisania si\u0119 umieszczone s\u0105 na blogu, w g\u00f3rnym menu, w pozycji: &#8222;<a title=\"Zaproszenie na\u2026 imprez\u0119\" href=\"http:\/\/www.ciunczyk.com\/wordpress\/?page_id=1629\">Zaproszenie na\u2026 imprez\u0119<\/a>&#8222;. Prosz\u0119 klika\u0107, czyta\u0107 i zapisywa\u0107 si\u0119. Ale b\u0119d\u0119 jeszcze przypomina\u0142 i m\u0119czy\u0142. Musicie by\u0107. Ju\u017c drugi raz w tym wpisie, parafrazuj\u0105c klasyk\u00f3w:<\/p>\n<p><em>Jak nie wy to kto? Jak nie w maju to kiedy?<\/em><\/p>\n<p>Wracaj\u0105c do odchudzania&#8230;<\/p>\n<p>Fayka mia\u0142a w nadburciu wspawane kluzy do lin cumowniczych. Tak mi si\u0119 jednak zaprojektowa\u0142o te kluzy, \u017ce wysz\u0142y spore, ca\u0142y czas m\u0119czy\u0142o mnie to, \u017ce nie wygl\u0105da\u0142y zbyt \u0142adnie, takie troch\u0119 ci\u0119\u017ckie. Jednak szalk\u0119 przewa\u017cy\u0142o zdanie Pana Andrzeja &#8222;Flexiteekowca&#8221;: &#8222;a te kluzy to ja bym uchlasta\u0142&#8221;. No to uchlasta\u0142em, trzy godzinki pracy, przy ci\u0119ciu, oszlifowywaniu, szpachlowaniu i zamalowaniu, ale teraz jestem du\u017co bardziej zadowolony z efektu. Na rufie zostawi\u0142em, bo tak jest moim zdaniem \u0142adniej. No i o dobre osiem kilo mniej, a kto by nie chcia\u0142 zrzuci\u0107 osiem kilo w trzy godziny.<\/p>\n<p>Prace meblarskie id\u0105 pe\u0142n\u0105 par\u0105, w tym tygodniu wchodzimy ju\u017c do centralnej cz\u0119\u015bci jachtu. Najpierw \u0142azienki i prysznice&#8230; potem kanapa w mesie, potem kuchnia. Sprz\u0119t AGD ju\u017c mam.<\/p>\n<p>Z ciekawostek: w ubieg\u0142ym tygodniu wstawili\u015bmy silnik, zbudowa\u0142em podest do stanowiska nawigacyjnego, oraz siedzisko do tego stanowiska, teraz b\u0119d\u0119 je ko\u0144czy\u0142 oraz realizowa\u0142 zabudow\u0119 silnika. Zamontowa\u0142em te\u017c na gotowo zbiorniki \u015bciek\u00f3w szarych i czarnych, jeszcze tylko pozosta\u0142a do zrobienia dodatkowa opaska z linki stalowej do usztywnienia mocowania ka\u017cdego z nich.<\/p>\n<p>Tak jak pisa\u0142em malowanie to &#8222;never ending storry&#8221;, ale mam te\u017c dodatkow\u0105 pomoc. W ubieg\u0142\u0105 sobot\u0119 odwiedzi\u0142 mnie m\u00f3j nauczyciel hiszpa\u0144skiego &#8211; Jes\u00fas. Jako, \u017ce jest rodowitym Meksykaninem m\u00f3g\u0142 si\u0119 na w\u0142asne oczy przekona\u0107 jak wygl\u0105da prawdziwy &#8222;meksyk&#8221;. BTW pozwalam sobie na takie, \u017carty, wiedz\u0105c, \u017ce Jes\u00fas sam tak dowcipkuje&#8230; A tak na marginesie, zrobienie ma\u0142ego porz\u0105dku w stoczni nie zaszkodzi\u0142o by nikomu. Jak mo\u017cecie zobaczy\u0107 na fotkach Jes\u00fas dzielnie malowa\u0142 koje rufow\u0105 i dziobow\u0105. Po robocie poszli\u015bmy do Lemonka i obalili\u015bmy dwana\u015bcie du\u017cych piw, wow w niedziel\u0119 nie by\u0142o lekko \ud83d\ude09<\/p>\n<p>Aura te\u017c dopisuje. Plusowe 5-8 stopni na zewn\u0105trz, po odpaleniu nagrzewnicy daje 13-15 stopni w \u015brodku &#8211; do pracy akurat, nawet lakiery schn\u0105. Zreszt\u0105 jak zacznie by\u0107 zimniej, to do ko\u0144ca zabuduj\u0119 suszarni\u0119, materia\u0142 mam.<\/p>\n<p>Jeszcze raz zapraszam na imprez\u0119, nast\u0119pne wpisy ju\u017c niebawem.<\/p>\n<address>fotki: <a href=\"http:\/\/www.ciunczyk.com\/slawek\/Fayka\/index54.html\" target=\"_blank\">http:\/\/www.ciunczyk.com\/slawek\/Fayka\/<\/a> (strona pi\u0119\u0107dziesi\u0105ta czwarta i dalej)<\/address>\n","protected":false},"excerpt":{"rendered":"<p>Zanim jednak napisz\u0119 o co chodzi z tym odchudzaniem, chcia\u0142bym was poinformowa\u0107, \u017ce data oficjalnej imprezy na zako\u0144czenie budowy Fayki i jej chrzest zosta\u0142a ju\u017c ustalona i zabukowana. To wa\u017cne, impreza odb\u0119dzie si\u0119, cho\u0107by Fayka nie by\u0142a gotowa. Dok\u0142adam jednak &hellip; <a href=\"https:\/\/www.fayka.pl\/?p=1660\">Czytaj dalej <span class=\"meta-nav\">&rarr;<\/span><\/a><\/p>\n","protected":false},"author":2,"featured_media":0,"comment_status":"open","ping_status":"open","sticky":false,"template":"","format":"standard","meta":{"footnotes":""},"categories":[5],"tags":[],"class_list":["post-1660","post","type-post","status-publish","format-standard","hentry","category-gotowe"],"jetpack_featured_media_url":"","_links":{"self":[{"href":"https:\/\/www.fayka.pl\/index.php?rest_route=\/wp\/v2\/posts\/1660","targetHints":{"allow":["GET"]}}],"collection":[{"href":"https:\/\/www.fayka.pl\/index.php?rest_route=\/wp\/v2\/posts"}],"about":[{"href":"https:\/\/www.fayka.pl\/index.php?rest_route=\/wp\/v2\/types\/post"}],"author":[{"embeddable":true,"href":"https:\/\/www.fayka.pl\/index.php?rest_route=\/wp\/v2\/users\/2"}],"replies":[{"embeddable":true,"href":"https:\/\/www.fayka.pl\/index.php?rest_route=%2Fwp%2Fv2%2Fcomments&post=1660"}],"version-history":[{"count":0,"href":"https:\/\/www.fayka.pl\/index.php?rest_route=\/wp\/v2\/posts\/1660\/revisions"}],"wp:attachment":[{"href":"https:\/\/www.fayka.pl\/index.php?rest_route=%2Fwp%2Fv2%2Fmedia&parent=1660"}],"wp:term":[{"taxonomy":"category","embeddable":true,"href":"https:\/\/www.fayka.pl\/index.php?rest_route=%2Fwp%2Fv2%2Fcategories&post=1660"},{"taxonomy":"post_tag","embeddable":true,"href":"https:\/\/www.fayka.pl\/index.php?rest_route=%2Fwp%2Fv2%2Ftags&post=1660"}],"curies":[{"name":"wp","href":"https:\/\/api.w.org\/{rel}","templated":true}]}}