{"id":2082,"date":"2013-10-23T19:47:05","date_gmt":"2013-10-23T17:47:05","guid":{"rendered":"http:\/\/www.ciunczyk.com\/wordpress\/?p=2082"},"modified":"2013-10-23T19:47:05","modified_gmt":"2013-10-23T17:47:05","slug":"na-relacje-z-rejsu-trzeba-poczekac","status":"publish","type":"post","link":"https:\/\/www.fayka.pl\/?p=2082","title":{"rendered":"Na relacj\u0119 z rejsu trzeba poczeka\u0107 :-("},"content":{"rendered":"<p>Niestety zostawi\u0142em tablet na jachcie, a na nim mam zdj\u0119cia Darka z naszego rejsu. Bez nich nie warto nic pisa\u0107, bo Darek zrobi\u0142 sporo fajnych fotek. Zatem komplet relacji z rejsu b\u0119dzie zatem w przysz\u0142\u0105 niedziel\u0119.<\/p>\n<p>Za to przypomnia\u0142em sobie, \u017ce w niedziel\u0119 8 wrze\u015bnia moi znajomi Ania i Artur odwiedzili mnie w marinie w celu zrealizowania sesji zdj\u0119ciowej z Fayk\u0105 w roli g\u0142\u00f3wnej. Pan Dyrektor o\u015brodka odda\u0142 do mojej dyspozycji RIB&#8217;a (taki szybki ponton ze sztywnym dnem) z &#8222;kierowc\u0105&#8221;. Tym kierowc\u0105 by\u0142 Pan Jacek &#8211; kierownik do spraw technicznych i szef bosmanatu. Ania i Artur robi\u0105 rewelacyjne profesjonalne zdj\u0119cia. Tak wi\u0119c bardzo cieszy\u0142em si\u0119 na t\u0119 zabaw\u0119, bo pogoda dopisa\u0142a. Przyjechali oko\u0142o 11-tej &#8211; wypili\u015bmy kawk\u0119, ja poszuka\u0142em kogo\u015b do pomocy na jacht (nie znalaz\u0142em), a oni w tym czasie przygotowali si\u0119 ze sprz\u0119tem. Mia\u0142em troszk\u0119 cykora bo to by\u0142 pierwszy raz kiedy mia\u0142em wyp\u0142yn\u0105\u0107 Fayk\u0105 ca\u0142kiem sam. No c\u00f3\u017c kiedy\u015b ten pierwszy raz\u00a0 musi by\u0107.Odpali\u0142em motorek, odda\u0142em cumy i wyp\u0142yn\u0105\u0142em. Potem tylko pozbiera\u0107 odbijacze, sklarowa\u0107 cumy, postawi\u0107 \u017cagle, sklarowa\u0107 fa\u0142y, i mogli\u015bmy z\u00a0 Fayk\u0105 zacz\u0105\u0107 pozowa\u0107.<\/p>\n<p><em><small>Efekty zobaczycie na fotkach tutaj:<\/p>\n<p><a href=\"http:\/\/www.ciunczyk.com\/slawek\/Fayka\/SesjaFotoAA\/index.html\" target=\"_blank\">http:\/\/www.ciunczyk.com\/slawek\/Fayka\/SesjaFotoAA<\/a> (strona siedemdziesi\u0105ta sz\u00f3sta)<\/small><\/em><\/p>\n<p>P.S. Nic nie rozwali\u0142em &#8230; \ud83d\ude09<\/p>\n<p>P.S. P.S. Szoty (te za kr\u00f3tkie) szcz\u0119\u015bliwie opyli\u0142em, przyp\u0142yn\u0105 kolega &#8211; jeden z czytelnik\u00f3w bloga na pi\u0119knie odrestaurowanym drewnianym szwedzkim jachcie. Mam nadziej\u0119, \u017ce szoty b\u0119d\u0105 si\u0119 \u0142adnie prezentowa\u0107.<\/p>\n","protected":false},"excerpt":{"rendered":"<p>Niestety zostawi\u0142em tablet na jachcie, a na nim mam zdj\u0119cia Darka z naszego rejsu. Bez nich nie warto nic pisa\u0107, bo Darek zrobi\u0142 sporo fajnych fotek. Zatem komplet relacji z rejsu b\u0119dzie zatem w przysz\u0142\u0105 niedziel\u0119. Za to przypomnia\u0142em sobie, &hellip; <a href=\"https:\/\/www.fayka.pl\/?p=2082\">Czytaj dalej <span class=\"meta-nav\">&rarr;<\/span><\/a><\/p>\n","protected":false},"author":2,"featured_media":0,"comment_status":"open","ping_status":"open","sticky":false,"template":"","format":"standard","meta":{"footnotes":""},"categories":[5],"tags":[],"class_list":["post-2082","post","type-post","status-publish","format-standard","hentry","category-gotowe"],"jetpack_featured_media_url":"","_links":{"self":[{"href":"https:\/\/www.fayka.pl\/index.php?rest_route=\/wp\/v2\/posts\/2082","targetHints":{"allow":["GET"]}}],"collection":[{"href":"https:\/\/www.fayka.pl\/index.php?rest_route=\/wp\/v2\/posts"}],"about":[{"href":"https:\/\/www.fayka.pl\/index.php?rest_route=\/wp\/v2\/types\/post"}],"author":[{"embeddable":true,"href":"https:\/\/www.fayka.pl\/index.php?rest_route=\/wp\/v2\/users\/2"}],"replies":[{"embeddable":true,"href":"https:\/\/www.fayka.pl\/index.php?rest_route=%2Fwp%2Fv2%2Fcomments&post=2082"}],"version-history":[{"count":6,"href":"https:\/\/www.fayka.pl\/index.php?rest_route=\/wp\/v2\/posts\/2082\/revisions"}],"predecessor-version":[{"id":2119,"href":"https:\/\/www.fayka.pl\/index.php?rest_route=\/wp\/v2\/posts\/2082\/revisions\/2119"}],"wp:attachment":[{"href":"https:\/\/www.fayka.pl\/index.php?rest_route=%2Fwp%2Fv2%2Fmedia&parent=2082"}],"wp:term":[{"taxonomy":"category","embeddable":true,"href":"https:\/\/www.fayka.pl\/index.php?rest_route=%2Fwp%2Fv2%2Fcategories&post=2082"},{"taxonomy":"post_tag","embeddable":true,"href":"https:\/\/www.fayka.pl\/index.php?rest_route=%2Fwp%2Fv2%2Ftags&post=2082"}],"curies":[{"name":"wp","href":"https:\/\/api.w.org\/{rel}","templated":true}]}}