{"id":2196,"date":"2014-04-07T21:16:03","date_gmt":"2014-04-07T19:16:03","guid":{"rendered":"http:\/\/www.fayka.pl\/?p=2196"},"modified":"2014-05-14T21:18:25","modified_gmt":"2014-05-14T19:18:25","slug":"sezon-stoczniowy-2014","status":"publish","type":"post","link":"https:\/\/www.fayka.pl\/?p=2196","title":{"rendered":"Sezon stoczniowy 2014&#8230;"},"content":{"rendered":"<p>&#8230; rozpocz\u0119ty \ud83d\ude42<\/p>\n<p>Panowie malarze przyst\u0105pili do piaskowania kad\u0142uba Fayki pod linia wodn\u0105. Trzeba usun\u0105\u0107, nieszcz\u0119sn\u0105, \u017ale po\u0142o\u017con\u0105 szpachl\u0119, pomalowa\u0107 wszystko podk\u0142adem, ponownie wyszpachlowa\u0107 zakamarki, wyszlifowa\u0107, pomalowa\u0107 znowu podk\u0142adem. A\u00a0potem zakupion\u0105 ju\u017c farb\u0105 antyporostow\u0105 Coppercoat. Zobaczymy, czy wytrzyma tak d\u0142ugo jak obiecuje producent&#8230;<\/p>\n<p>W tym tygodniu pomaga\u0142 mi w pracach Darek.<\/p>\n<p>Mam spor\u0105 list\u0119 temat\u00f3w do zrobienia przed pierwszym rejsem &#8211; ponad 40 punkt\u00f3w. Uda\u0142o nam si\u0119 zrobi\u0107 sze\u015b\u0107 temat\u00f3w. Zamontowali\u015bmy i pod\u0142\u0105czyli\u015bmy nowy zaw\u00f3r elektryczny do zbiornika z\u00a0czarnymi \u015bciekami. Vetus stan\u0105\u0142 na wysoko\u015bci zadania i\u00a0wymieni\u0142 uszkodzony na nowy &#8230; na nowy model &#8211; naprawd\u0119 Heavy\u00a0Duty. Ewidentnie poprzedni musia\u0142 si\u0119 psu\u0107, tak wi\u0119c zaprzestali produkcji i wprowadzili zupe\u0142nie inny. Tak na marginesie m\u00f3j wytrzyma\u0142 ze dwadzie\u015bcia zamkni\u0119\u0107 i otwar\u0107. Nowy dzia\u0142a jak z\u0142oto.<\/p>\n<p>Wymontowali\u015bmy wlewy paliwa ze zbiornik\u00f3w. To znowu Vetus. Moris wspomnia\u0142, \u017ce u\u00a0niego ten wlew przecieka\u0142 i nigdy nie da\u0142 si\u0119 uszczelni\u0107. Vetus te\u017c wycofa\u0142 to z produkcji i\u00a0wprowadzi\u0142 wlewy ze sztywnym kolankiem (bez mo\u017cliwo\u015bci regulacji). Na tej regulacji w\u0142a\u015bnie przecieka\u0142o. Chc\u0119 zawie\u015b\u0107 te wlewy do Pan\u00f3w z Zak\u0142adu \u017barna, by spr\u00f3bowali przyspawa\u0107 mi do nich na sztywno aluminiowe kolanka.<\/p>\n<p>Po zdemontowaniu wlew\u00f3w okaza\u0142o si\u0119, \u017ce w prawym kilu (zbiorniku paliwa) jest woda. Oko\u0142o 10-15 cm. Nie mam poj\u0119cia sk\u0105d. Woda jest s\u0142odka, ale w marinie te\u017c jest s\u0142odka &#8211; smakowa\u0142em nawet \ud83d\ude41 Wkurza mnie o okropnie, bo nie wiem co si\u0119 dzieje. Wyci\u0105gn\u0105\u0142em ca\u0142a wod\u0119, wysuszy\u0142em g\u0105beczk\u0105 do sucha. Trzeba b\u0119dzie zrzuci\u0107 jacht na wod\u0119 i\u00a0obserwowa\u0107. Drugi zbiornik jest suchy. Na szcz\u0119\u015bcie, bo bym sobie &#8222;szczeli\u0142 w \u0142ep&#8221;<\/p>\n<p>Potem zabrali\u015bmy si\u0119 za przek\u0142adanie okienka do forpiku. Pierwotnie uda\u0142o si\u0119 zamontowa\u0107 je tak, \u017ce po za\u0142o\u017ceniu sztagu wewn\u0119trznego i rolera, okienko nie dawa\u0142o si\u0119 otwiera\u0107. Trzeba by\u0142o je odkr\u0119ci\u0107, rozkr\u0119ci\u0107, odci\u0105\u0107 Sikaflex i oderwa\u0107. Dobrze m\u00f3wi\u0142 Pan Andrzej Cichocki, \u017ce te kleje maj\u0105 wytrzyma\u0142o\u015b\u0107 70kg\/cm2. Aby oderwa\u0107 to malutkie okienko musieli\u015bmy pod\u0142o\u017cy\u0107 drewniane beleczki, za\u0142o\u017cy\u0107 line (fa\u0142 foka) i przez du\u017cy kabestan i d\u0142ug\u0105 korb\u0119 powoli oderwa\u0107 okienko, potem robota z oczyszczaniem, oznaczenie i nawiercenie nowych otwor\u00f3w, odt\u0142uszczenie wszystkiego i ponowne wklejenie okienka. Urobili\u015bmy si\u0119 przy tym po pachy.<\/p>\n<p>Jako rozrywk\u0119 skr\u00f3ci\u0142em do gotowej d\u0142ugo\u015bci flaglinki na maszcie, ale opalaj\u0105c linki przypali\u0142em sobie palucha i spali\u0142em ulubiony buff \ud83d\ude41<\/p>\n<p>Pomierzyli\u015bmy blat kuchenny &#8211; du\u017ca ulga &#8211; ca\u0142y blat kuchenny, plus blaty w \u0142azienkach zmieszcz\u0105 si\u0119 na jednej p\u0142ycie Corianu.<\/p>\n<p>Pomierzyli\u015bmy bram\u0119 rufow\u0105, projektuj\u0119 do niej uchwyt na anteny &#8211; a b\u0119dzie ich sporo &#8211; GPS g\u0142\u00f3wny, GPS do AIS, Antena do NAVTEX, antena do wzmacniacza WiFi, mo\u017ce antena telewizyjna, mo\u017ce antena 3G oraz mocowania do \u015bwiate\u0142 nawigacyjnych rufowych i\u00a0o\u015bwietlenia kokpitu z bramy rufowej.<\/p>\n<p>Darek zdemontowa\u0142 \u015bruby od steru strumieniowego &#8211; jedna niestety mia\u0142a u\u0142amany kawa\u0142ek skrzyde\u0142ka &#8211; musia\u0142em zam\u00f3wi\u0107 now\u0105&#8230;<\/p>\n<p>Wieczorami umilali\u015bmy sobie czas Noteckim oraz morskimi opowie\u015bciami. Darek, Rafa\u0142 i\u00a0J\u00f3zek ze swoimi pi\u0119kniejszymi po\u0142\u00f3wkami dwa tygodnie orali morze &#8230; Karaibskie \ud83d\ude42<\/p>\n<p>W niedziel\u0119 zapakowali\u015bmy si\u0119 do aut i do domku.<\/p>\n<p>Na ten sezon mam zaplanowane sporo rejs\u00f3w Fayk\u0105. W po\u0142owie czerwca p\u0142yniemy do Sankt Petersburga (o ile Rosjanie czego\u015b nie nawywijaj\u0105 &#8211; najwy\u017cej pozwiedzamy Litw\u0119, \u0141otw\u0119, Estoni\u0119 i Alandy). W lipcu na tydzie\u0144\u00a0 zapanowali\u015bmy rejs z Dari\u0105, Karolem i Jureczkiem po zatoce gda\u0144skiej. Jerzy to nasz wnuk. Teraz ma dwa miesi\u0105ce, wi\u0119c w lipcu to b\u0119dzie ju\u017c p\u00f3\u0142roczy facet. Najwy\u017cszy czas, by zacz\u0105\u0107 z dziadkiem \u017ceglowanie. W sierpniu z m\u0142odzie\u017c\u0105 p\u0142yn\u0119 na dwa tygodnie do Sztokholmu, Szwecji i na og\u00f3lnie poj\u0119te Alandy. We\u00a0wrze\u015bniu &#8211; na pocz\u0105tku planujemy wyskoczy\u0107 na tydzie\u0144 &#8211; 10 dni na Bornholm. Oczywi\u015bcie je\u015bli si\u0119 uda to mo\u017ce jeszcze co\u015b&#8230;<\/p>\n<p>Mam przecie\u017c sporo roboty do zrobienia&#8230;<\/p>\n<p><em><small>Fotki (troszk\u0119) tam gdzie zawsze<\/small><\/em><br \/>\n<em><small><br \/>\n<a href=\"http:\/\/www.ciunczyk.com\/slawek\/Fayka\/index78.html\" target=\"_blank\">http:\/\/www.ciunczyk.com\/slawek\/Fayka\/<\/a> (strona siedemdziesi\u0105ta \u00f3sma i dalej)<br \/>\n<\/small><\/em><\/p>\n","protected":false},"excerpt":{"rendered":"<p>&#8230; rozpocz\u0119ty \ud83d\ude42 Panowie malarze przyst\u0105pili do piaskowania kad\u0142uba Fayki pod linia wodn\u0105. Trzeba usun\u0105\u0107, nieszcz\u0119sn\u0105, \u017ale po\u0142o\u017con\u0105 szpachl\u0119, pomalowa\u0107 wszystko podk\u0142adem, ponownie wyszpachlowa\u0107 zakamarki, wyszlifowa\u0107, pomalowa\u0107 znowu podk\u0142adem. A\u00a0potem zakupion\u0105 ju\u017c farb\u0105 antyporostow\u0105 Coppercoat. Zobaczymy, czy wytrzyma tak d\u0142ugo &hellip; <a href=\"https:\/\/www.fayka.pl\/?p=2196\">Czytaj dalej <span class=\"meta-nav\">&rarr;<\/span><\/a><\/p>\n","protected":false},"author":2,"featured_media":0,"comment_status":"open","ping_status":"open","sticky":false,"template":"","format":"standard","meta":{"footnotes":""},"categories":[5],"tags":[],"class_list":["post-2196","post","type-post","status-publish","format-standard","hentry","category-gotowe"],"jetpack_featured_media_url":"","_links":{"self":[{"href":"https:\/\/www.fayka.pl\/index.php?rest_route=\/wp\/v2\/posts\/2196","targetHints":{"allow":["GET"]}}],"collection":[{"href":"https:\/\/www.fayka.pl\/index.php?rest_route=\/wp\/v2\/posts"}],"about":[{"href":"https:\/\/www.fayka.pl\/index.php?rest_route=\/wp\/v2\/types\/post"}],"author":[{"embeddable":true,"href":"https:\/\/www.fayka.pl\/index.php?rest_route=\/wp\/v2\/users\/2"}],"replies":[{"embeddable":true,"href":"https:\/\/www.fayka.pl\/index.php?rest_route=%2Fwp%2Fv2%2Fcomments&post=2196"}],"version-history":[{"count":2,"href":"https:\/\/www.fayka.pl\/index.php?rest_route=\/wp\/v2\/posts\/2196\/revisions"}],"predecessor-version":[{"id":2198,"href":"https:\/\/www.fayka.pl\/index.php?rest_route=\/wp\/v2\/posts\/2196\/revisions\/2198"}],"wp:attachment":[{"href":"https:\/\/www.fayka.pl\/index.php?rest_route=%2Fwp%2Fv2%2Fmedia&parent=2196"}],"wp:term":[{"taxonomy":"category","embeddable":true,"href":"https:\/\/www.fayka.pl\/index.php?rest_route=%2Fwp%2Fv2%2Fcategories&post=2196"},{"taxonomy":"post_tag","embeddable":true,"href":"https:\/\/www.fayka.pl\/index.php?rest_route=%2Fwp%2Fv2%2Ftags&post=2196"}],"curies":[{"name":"wp","href":"https:\/\/api.w.org\/{rel}","templated":true}]}}