{"id":399,"date":"2009-09-22T23:00:31","date_gmt":"2009-09-22T21:00:31","guid":{"rendered":"http:\/\/www.ciunczyk.com\/wordpress\/?p=399"},"modified":"2009-09-23T16:00:30","modified_gmt":"2009-09-23T14:00:30","slug":"modelowanie-steru","status":"publish","type":"post","link":"https:\/\/www.fayka.pl\/?p=399","title":{"rendered":"Modelowanie (steru)"},"content":{"rendered":"<p>Fayka ostatnio by\u0142a zdradzana. Troch\u0119 po\u017ceglowa\u0142em z kumplami na Alandach na kolejnym MRW &#8211; ju\u017c sz\u00f3stym. Dla niewtajemniczonych MRW to <strong>M<\/strong>\u0119ski <strong>R<\/strong>ejs <strong>W<\/strong>ypoczynkowy. Wi\u0119c w stoczni nic si\u0119 nie dzia\u0142o. Ale w tym tygodniu pogoda dopisa\u0142a i popracowa\u0142em nad dwoma obszarami.<\/p>\n<p>Po pierwsze zbudowa\u0142em modelowy ster ze sklejki. Ze zwymiarowanych rysunk\u00f3w konstrukcyjnych wyci\u0105\u0142em ster ze sklejki &#8211; trzy jego cz\u0119\u015bci: g\u0142\u00f3wn\u0105 p\u0142etw\u0119, przedni element r\u00f3wnowa\u017c\u0105cy si\u0142y oraz lotk\u0119 samo-sterow\u0105.\u00a0 Zrobi\u0142em stalow\u0105 o\u015b, zawiasy, a ca\u0142\u0105 konstrukcj\u0119 zawiesi\u0142em na paw\u0119\u017cy. Okaza\u0142o si\u0119, \u017ce decyzja o wykonaniu tego modelu by\u0142a s\u0142uszna. Jak zauwa\u017cycie na fotkach z uwagi na odrobink\u0119 zmieniony k\u0105t pochylenia paw\u0119\u017cy ster nieco opada. Maj\u0105c to gotowe mog\u0119 nanie\u015b\u0107 poprawki do plan\u00f3w i ze stali wyci\u0105\u0107 ju\u017c prawid\u0142owy ster. Model steru jest mi tak\u017ce potrzebny do prawid\u0142owego ukszta\u0142towania rufy i sko\u0144czenia tego tematu.<\/p>\n<p>Z uwagi na samoster wiatrowy i jego mechanizm sterowania rufa jest wyci\u0119ta w charakterystyczne p\u00f3\u0142kole. Generalnie zabawy mia\u0142em sporo, bo musia\u0142em tak\u017ce dopasowa\u0107 sk\u0142adane drabinki k\u0105pielowe, dla kt\u00f3rych zrobi\u0142em co\u015b w rodzaju szuflad. Do sko\u0144czenia rufy brakuje mi tylko rury wydechowej, a w zasadzie z\u0142\u0105czki paw\u0119\u017cowej oraz &#8222;g\u0119siej szyjki&#8221; zapobiegaj\u0105cej przed dostaniem si\u0119 wody do uk\u0142adu wydechowego. Zam\u00f3wi\u0142em ju\u017c te elementy (VETUSa), mam nadziej\u0119, \u017ce szybko przyjd\u0105 i we Wrze\u015bniu sko\u0144cz\u0119 ruf\u0119 ze wszystkimi detalami.<\/p>\n<p>W przysz\u0142ym tygodniu zrobi\u0119 sklejkowy ster ju\u017c w docelowych kszta\u0142tach, a to pozwoli mi upewni\u0107 si\u0119 odno\u015bnie w\u0142a\u015bciwego profilu rufy.<\/p>\n<p>Drugi obszar moich dzia\u0142a\u0144 stoczniowych to osadzenie p\u0142yty pod podstaw\u0119 masztu. Za namow\u0105 m\u0105drych i do\u015bwiadczonych ludzi postanowi\u0142em, \u017ce wszystkie elementy na pok\u0142adzie, do kt\u00f3rych b\u0119dzie co\u015b przymocowane, b\u0119d\u0105 mia\u0142y podk\u0142adki z blachy nierdzewnej przyspawane do pok\u0142adu. Uchroni to mnie przed ryzykiem korozji wynikaj\u0105cym z nieuchronnego \u015bcierania si\u0119 farby w tych newralgicznych miejscach.\u00a0 Przyk\u0142ad: na pok\u0142adzie b\u0119dzie du\u017ca liczba uszek do kt\u00f3rych mo\u017cna wpi\u0105\u0107 np: Live-lin\u0119. Takie uszko b\u0119dzie przyspawane do podk\u0142adki z blachy nierdzewnej, a dopiero ta podk\u0142adka b\u0119dzie przyspawana do pok\u0142adu itp.<\/p>\n<p>Zatem najwa\u017cniejszy element na pok\u0142adzie czyli maszt te\u017c musi by\u0107 osadzony z wykorzystaniem tego mechanizmu. Stopa masztu, kt\u00f3ra kupi\u0142em par\u0119 miesi\u0119cy temu powinna by\u0107 przykr\u0119cona do podstawy z blachy nierdzewnej. Wcze\u015bniej buduj\u0105c pilers stworzy\u0142em kreatywn\u0105 konstrukcj\u0119 z parowa warstwami blachy, nasmarkanymi\u00a0 spawami, przyklejonymi wspornikami. Martwi\u0142em si\u0119 jak do tego przykr\u0119ci\u0107 podstaw\u0119 masztu by wszystko by\u0142o szczelne. Leszek jak si\u0119 temu przyjrza\u0142 powiedzia\u0142, \u017ce to jest kiszka i masakra i on uwa\u017ca, \u017ce trzeba zam\u00f3wi\u0107 u \u017barny gotowy element z nierdzewki 316L b\u0119d\u0105cy p\u0142yt\u0105 z otworami i przyspawanymi pod spodem &#8211; nagwintowanymi tulejami. Tak te\u017c zrobili\u015bmy. Leszek zawi\u00f3z\u0142 do zak\u0142adu \u017barna stop\u0119 masztu, a ch\u0142opaki z blachy #10mm zrobili pi\u0119kn\u0105 podstaw\u0119 &#8211; wszystko idealnie spasowane.<\/p>\n<p>W sobot\u0119 wieczorem szlifierka w d\u0142o\u0144 i dawaj wycina\u0107 otw\u00f3r pod t\u0119 blach\u0119, niestety moje smarki trzyma\u0142y si\u0119 jak w\u015bciek\u0142e i zesz\u0142o mi do nocy. Doko\u0144czy\u0142em rano w niedziel\u0119. Dopasowa\u0142em zgrabnie podstaw\u0119, a Leszek przyspawa\u0142 to do pok\u0142adu, od spodu podstawa jest przyspawana do pilersa oraz do konstrukcji wspornik\u00f3w. Jestem bardzo zadowolony z efektu ko\u0144cowego: stopa pasuje jak ula\u0142.<\/p>\n<p>Poniewa\u017c w kad\u0142ubie zebra\u0142o si\u0119 troch\u0119 wody, postanowi\u0142em to w ko\u0144cu uporz\u0105dkowa\u0107. Wypompowa\u0142em wod\u0119 z kil\u00f3w i z\u0119zy, szmat\u0105 osuszy\u0142em wszystko do ostatniej kropelki. Na czas tej pracy odkr\u0119ci\u0142em tymczasowe okna nadbud\u00f3wki, \u017ceby si\u0119 wietrzy\u0142o i odparowywa\u0142o. U\u015bwiadomi\u0142em sobie, \u017ce nie wszystkie \u015bruby mocuj\u0105ce wkr\u0119caj\u0105 si\u0119 g\u0142adko. Przegwinowa\u0142em wi\u0119c wszystkie otwory mocuj\u0105ce dok\u0142adnie sprawdzaj\u0105c ka\u017cdy z nich. Nast\u0119pnie w ka\u017cdy otw\u00f3r wkr\u0119ci\u0142em \u015brub\u0119 smaruj\u0105c je smarem \u0141T-43\u00a0 &#8211; coby nic nie gni\u0142o. P\u00f3\u017aniej b\u0119d\u0119 je smarowa\u0142 szczeliwem hydraulicznym.<\/p>\n<p>Zrobi\u0142em te\u017c drzwi do zej\u015bci\u00f3wki. Fayka podobnie jak Ti-Gitu nie b\u0119dzie mia\u0142a sztorc klapy, tylko normalne drzwi na zawiasach. Sztorc klapy zawsze mnie wkurzaj\u0105: zak\u0142ada\u0107 je nie jest wcale wygodnie, a zdj\u0119te zawsze si\u0119 gdzie\u015b pa\u0142\u0119taj\u0105. Nawet ostatnio na Alandach o ma\u0142y w\u0142os, a bym utopi\u0142 sztorc klap\u0119 &#8230;. i by\u0142o by oopppsss po kaucji.<\/p>\n<p>W sobot\u0119 Leszek lansowa\u0142 si\u0119 z samolotem na pikniku lotniczym, a w niedziel\u0119 podzia\u0142a\u0142 ze mn\u0105 przy Fayce. Leszek pospawa\u0142 sporo we wn\u0119trzu oraz ca\u0142e poszycie kokpitu. Zostaje nam dno i wn\u0119trze kil\u00f3w, ale ta robota jako\u015b obu nas odrzuca. Mo\u017ce w przysz\u0142ym tygodniu si\u0119 przemo\u017cemy.<\/p>\n<address>fotki: <a title=\"Fotki\" href=\"..\/..\/slawek\/Fayka\/\" target=\"_blank\">http:\/\/www.ciunczyk.com\/slawek\/Fayka\/<\/a> (strona dziewi\u0105ta i dziesi\u0105ta)<\/address>\n","protected":false},"excerpt":{"rendered":"<p>Fayka ostatnio by\u0142a zdradzana. Troch\u0119 po\u017ceglowa\u0142em z kumplami na Alandach na kolejnym MRW &#8211; ju\u017c sz\u00f3stym. Dla niewtajemniczonych MRW to M\u0119ski Rejs Wypoczynkowy. Wi\u0119c w stoczni nic si\u0119 nie dzia\u0142o. Ale w tym tygodniu pogoda dopisa\u0142a i popracowa\u0142em nad dwoma &hellip; <a href=\"https:\/\/www.fayka.pl\/?p=399\">Czytaj dalej <span class=\"meta-nav\">&rarr;<\/span><\/a><\/p>\n","protected":false},"author":2,"featured_media":0,"comment_status":"open","ping_status":"open","sticky":false,"template":"","format":"standard","meta":{"footnotes":""},"categories":[5],"tags":[],"class_list":["post-399","post","type-post","status-publish","format-standard","hentry","category-gotowe"],"jetpack_featured_media_url":"","_links":{"self":[{"href":"https:\/\/www.fayka.pl\/index.php?rest_route=\/wp\/v2\/posts\/399","targetHints":{"allow":["GET"]}}],"collection":[{"href":"https:\/\/www.fayka.pl\/index.php?rest_route=\/wp\/v2\/posts"}],"about":[{"href":"https:\/\/www.fayka.pl\/index.php?rest_route=\/wp\/v2\/types\/post"}],"author":[{"embeddable":true,"href":"https:\/\/www.fayka.pl\/index.php?rest_route=\/wp\/v2\/users\/2"}],"replies":[{"embeddable":true,"href":"https:\/\/www.fayka.pl\/index.php?rest_route=%2Fwp%2Fv2%2Fcomments&post=399"}],"version-history":[{"count":0,"href":"https:\/\/www.fayka.pl\/index.php?rest_route=\/wp\/v2\/posts\/399\/revisions"}],"wp:attachment":[{"href":"https:\/\/www.fayka.pl\/index.php?rest_route=%2Fwp%2Fv2%2Fmedia&parent=399"}],"wp:term":[{"taxonomy":"category","embeddable":true,"href":"https:\/\/www.fayka.pl\/index.php?rest_route=%2Fwp%2Fv2%2Fcategories&post=399"},{"taxonomy":"post_tag","embeddable":true,"href":"https:\/\/www.fayka.pl\/index.php?rest_route=%2Fwp%2Fv2%2Ftags&post=399"}],"curies":[{"name":"wp","href":"https:\/\/api.w.org\/{rel}","templated":true}]}}