{"id":538,"date":"2009-12-24T16:53:15","date_gmt":"2009-12-24T14:53:15","guid":{"rendered":"http:\/\/www.ciunczyk.com\/wordpress\/?p=538"},"modified":"2009-12-24T16:57:43","modified_gmt":"2009-12-24T14:57:43","slug":"swiateczne-i-noworoczne-zyczenia","status":"publish","type":"post","link":"https:\/\/www.fayka.pl\/?p=538","title":{"rendered":"\u015awi\u0105teczne i Noworoczne \u017byczenia&#8230;"},"content":{"rendered":"<p>Moi drodzy,<\/p>\n<p>niech \u015awi\u0119ta Bo\u017cego Narodzenia dadz\u0105 Wam wiele rado\u015bci, szcz\u0119\u015bcia w gronie najbli\u017cszych, nastroj\u0105 pogod\u0105 ducha, a Miko\u0142aj niech obdarzy Was mn\u00f3stwem prezent\u00f3w: takich jakie sobie wymarzyli\u015bcie.<br \/>\n<em>Poniewa\u017c wiem, \u017ce byli\u015bcie bardzo grzeczni <\/em><em>w tym roku, <\/em><em>to <em>o<\/em><\/em><em>czywi\u015bcie si\u0119 Wam <\/em><em>nale\u017c\u0105 <\/em><em> <\/em><em>\ud83d\ude42<\/em><\/p>\n<p>Nowy nadchodz\u0105cy Rok niech przyniesie Wam zdrowie i wszelk\u0105 pomy\u015blno\u015b\u0107.<\/p>\n<p>Moim przyjacio\u0142om \u017ceglarzom \u017cycz\u0119 tam daleko za horyzontem odkrywania nowych port\u00f3w, a tak\u017ce mi\u0142ych powita\u0144 w starych portach. Bardziej s\u0142odkowodnym \u017cycz\u0119 samych czaruj\u0105cych wieczor\u00f3w przy ogniskach z przyjaci\u00f3\u0142mi w zacisznej bindudze. A moim przyjacio\u0142om nie-\u017ceglarzom, \u017cycz\u0119 by dali si\u0119 skusi\u0107 na t\u0119 przygod\u0119 ju\u017c w najbli\u017cszym roku.<\/p>\n<p><img loading=\"lazy\" decoding=\"async\" class=\"aligncenter size-full wp-image-539\" title=\"Kartka\" src=\"http:\/\/www.ciunczyk.com\/wordpress\/wp-content\/uploads\/2009\/12\/492.jpg\" alt=\"Kartka\" width=\"382\" height=\"400\" \/><\/p>\n","protected":false},"excerpt":{"rendered":"<p>Moi drodzy, niech \u015awi\u0119ta Bo\u017cego Narodzenia dadz\u0105 Wam wiele rado\u015bci, szcz\u0119\u015bcia w gronie najbli\u017cszych, nastroj\u0105 pogod\u0105 ducha, a Miko\u0142aj niech obdarzy Was mn\u00f3stwem prezent\u00f3w: takich jakie sobie wymarzyli\u015bcie. Poniewa\u017c wiem, \u017ce byli\u015bcie bardzo grzeczni w tym roku, to oczywi\u015bcie si\u0119 &hellip; <a href=\"https:\/\/www.fayka.pl\/?p=538\">Czytaj dalej <span class=\"meta-nav\">&rarr;<\/span><\/a><\/p>\n","protected":false},"author":2,"featured_media":0,"comment_status":"open","ping_status":"open","sticky":false,"template":"","format":"standard","meta":{"footnotes":""},"categories":[5],"tags":[],"class_list":["post-538","post","type-post","status-publish","format-standard","hentry","category-gotowe"],"jetpack_featured_media_url":"","_links":{"self":[{"href":"https:\/\/www.fayka.pl\/index.php?rest_route=\/wp\/v2\/posts\/538","targetHints":{"allow":["GET"]}}],"collection":[{"href":"https:\/\/www.fayka.pl\/index.php?rest_route=\/wp\/v2\/posts"}],"about":[{"href":"https:\/\/www.fayka.pl\/index.php?rest_route=\/wp\/v2\/types\/post"}],"author":[{"embeddable":true,"href":"https:\/\/www.fayka.pl\/index.php?rest_route=\/wp\/v2\/users\/2"}],"replies":[{"embeddable":true,"href":"https:\/\/www.fayka.pl\/index.php?rest_route=%2Fwp%2Fv2%2Fcomments&post=538"}],"version-history":[{"count":0,"href":"https:\/\/www.fayka.pl\/index.php?rest_route=\/wp\/v2\/posts\/538\/revisions"}],"wp:attachment":[{"href":"https:\/\/www.fayka.pl\/index.php?rest_route=%2Fwp%2Fv2%2Fmedia&parent=538"}],"wp:term":[{"taxonomy":"category","embeddable":true,"href":"https:\/\/www.fayka.pl\/index.php?rest_route=%2Fwp%2Fv2%2Fcategories&post=538"},{"taxonomy":"post_tag","embeddable":true,"href":"https:\/\/www.fayka.pl\/index.php?rest_route=%2Fwp%2Fv2%2Ftags&post=538"}],"curies":[{"name":"wp","href":"https:\/\/api.w.org\/{rel}","templated":true}]}}