{"id":8,"date":"2009-05-18T22:38:09","date_gmt":"2009-05-18T20:38:09","guid":{"rendered":"http:\/\/www.ciunczyk.com\/wordpress\/?p=8"},"modified":"2009-07-16T15:21:12","modified_gmt":"2009-07-16T13:21:12","slug":"nadbudowka-i-poczatek-kokpitu","status":"publish","type":"post","link":"https:\/\/www.fayka.pl\/?p=8","title":{"rendered":"Nadbud\u00f3wka i pocz\u0105tek kokpitu"},"content":{"rendered":"<p>Sobota up\u0142yn\u0119\u0142a na pracach z nadbud\u00f3wk\u0105. Najpierw zaj\u0105\u0142em si\u0119 doln\u0105 cz\u0119\u015bci\u0105 przedniej ramki do szyby. Kraw\u0119d\u017a poszycia pok\u0142adu musia\u0142a zosta\u0107 wzmocniona wspawanym p\u0142askownikiem. Kawa\u0142ek pracy ma\u0142o spektakularny, ale bardzo \u017cmudny, bo konieczne by\u0142o dopasowanie p\u0142askownika do ob\u0142ego kszta\u0142tu kraw\u0119dzi poszycia (w 3D). Koniec ko\u0144c\u00f3w przyspawywa\u0142em kr\u00f3tkie kawa\u0142ki p\u0142askownika, \u0142\u0105czy\u0142em je, nacina\u0142em tarcz\u0105, a nast\u0119pnie dogina\u0142em m\u0142otkiem i przyspawywa\u0142em &#8222;na gotowo&#8221;. Efekt ko\u0144cowy nie najgorszy, a po oszlifowaniu powinien by\u0107 ca\u0142kiem fajny.<\/p>\n<p>Potem zaj\u0105\u0142em si\u0119 kszta\u0142towaniem pierwszej wr\u0119gi dachu nadbud\u00f3wki, znowu nacinanie podginanie i dospawywanie. Nie oby\u0142o si\u0119 bez u\u017cycia rozpieraka hydraulicznego, ale wysz\u0142o nie najgorzej.<\/p>\n<p>Poniewa\u017c Fayka wewn\u0105trz jest naprawd\u0119 wysoka ca\u0142a praca odbywa\u0142a si\u0119 z rusztowania drewnianego i ze skrzynki po piwie :).<\/p>\n<p>Niedziela: rozpocz\u0105\u0142em prace z kokpitem. Najpierw lewa burta. Wyci\u0105\u0142em wszystko &#8211; konkretnie wr\u0119gi i z kszta\u0142townika (profilu 30x20mm) zacz\u0105\u0142em budowa\u0107 kokpit. Troch\u0119 mi to zajmie, kokpit jest dla mnie bardzo wa\u017cny. Z jednej strony musi by\u0107 wygodny, a z drugiej zostawi\u0107 du\u017co miejsca pod pok\u0142adem. Zrobi\u0142em pocz\u0105tek szkieletu i do domku.<\/p>\n<address>fotki: <a title=\"Fotki\" href=\"..\/..\/slawek\/Fayka\/\" target=\"_blank\">http:\/\/www.ciunczyk.com\/slawek\/Fayka\/<\/a> (strona sz\u00f3sta).<\/address>\n","protected":false},"excerpt":{"rendered":"<p>Sobota up\u0142yn\u0119\u0142a na pracach z nadbud\u00f3wk\u0105. Najpierw zaj\u0105\u0142em si\u0119 doln\u0105 cz\u0119\u015bci\u0105 przedniej ramki do szyby. Kraw\u0119d\u017a poszycia pok\u0142adu musia\u0142a zosta\u0107 wzmocniona wspawanym p\u0142askownikiem. Kawa\u0142ek pracy ma\u0142o spektakularny, ale bardzo \u017cmudny, bo konieczne by\u0142o dopasowanie p\u0142askownika do ob\u0142ego kszta\u0142tu kraw\u0119dzi poszycia &hellip; <a href=\"https:\/\/www.fayka.pl\/?p=8\">Czytaj dalej <span class=\"meta-nav\">&rarr;<\/span><\/a><\/p>\n","protected":false},"author":2,"featured_media":0,"comment_status":"open","ping_status":"open","sticky":false,"template":"","format":"standard","meta":{"footnotes":""},"categories":[5],"tags":[],"class_list":["post-8","post","type-post","status-publish","format-standard","hentry","category-gotowe"],"jetpack_featured_media_url":"","_links":{"self":[{"href":"https:\/\/www.fayka.pl\/index.php?rest_route=\/wp\/v2\/posts\/8","targetHints":{"allow":["GET"]}}],"collection":[{"href":"https:\/\/www.fayka.pl\/index.php?rest_route=\/wp\/v2\/posts"}],"about":[{"href":"https:\/\/www.fayka.pl\/index.php?rest_route=\/wp\/v2\/types\/post"}],"author":[{"embeddable":true,"href":"https:\/\/www.fayka.pl\/index.php?rest_route=\/wp\/v2\/users\/2"}],"replies":[{"embeddable":true,"href":"https:\/\/www.fayka.pl\/index.php?rest_route=%2Fwp%2Fv2%2Fcomments&post=8"}],"version-history":[{"count":0,"href":"https:\/\/www.fayka.pl\/index.php?rest_route=\/wp\/v2\/posts\/8\/revisions"}],"wp:attachment":[{"href":"https:\/\/www.fayka.pl\/index.php?rest_route=%2Fwp%2Fv2%2Fmedia&parent=8"}],"wp:term":[{"taxonomy":"category","embeddable":true,"href":"https:\/\/www.fayka.pl\/index.php?rest_route=%2Fwp%2Fv2%2Fcategories&post=8"},{"taxonomy":"post_tag","embeddable":true,"href":"https:\/\/www.fayka.pl\/index.php?rest_route=%2Fwp%2Fv2%2Ftags&post=8"}],"curies":[{"name":"wp","href":"https:\/\/api.w.org\/{rel}","templated":true}]}}