{"id":803,"date":"2010-09-21T08:44:49","date_gmt":"2010-09-21T06:44:49","guid":{"rendered":"http:\/\/www.ciunczyk.com\/wordpress\/?p=803"},"modified":"2012-02-02T15:07:58","modified_gmt":"2012-02-02T14:07:58","slug":"dekle","status":"publish","type":"post","link":"https:\/\/www.fayka.pl\/?p=803","title":{"rendered":"Dekle"},"content":{"rendered":"<p>Na pewno ka\u017cdy z Was ma takie tematy, do kt\u00f3rych podchodzi ja do je\u017ca. Wiadomo, \u017ce pr\u0119dzej czy p\u00f3\u017aniej trzeba to zrobi\u0107, ale cz\u0142owiek wyszukuje rozmaite powody by odsun\u0105\u0107 to w czasie jak najd\u0142u\u017cej. Dla mnie takim tematem by\u0142o przygotowanie i dopasowanie zamkni\u0119\u0107 do zbiornik\u00f3w w kilach. Jak pami\u0119tacie po spawaniu poszycia mia\u0142em sporo zabawy z jego prostowaniem. Niestety nie da\u0142o si\u0119 wyprostowa\u0107 go tak by zapewni\u0107 100% p\u0142asko\u015b\u0107, a w efekcie szczelno\u015b\u0107 pokryw. Nie bardzo wiedzia\u0142em jak to rozwi\u0105za\u0107. W ko\u0144cu wpad\u0142em na pomys\u0142, by zam\u00f3wi\u0107 wewn\u0119trzne ramki z grubszej blachy, kt\u00f3re wspawane do wn\u0119trza otwor\u00f3w utworz\u0105 p\u0142askie flansze. Wyrysowa\u0142em je w AutoCAD, zam\u00f3wi\u0142em, panowie z Zak\u0142adu \u017barna pi\u0119knie je laserkiem wypalili i w sobot\u0119 przyst\u0105pi\u0142em do prac.<\/p>\n<p>Musia\u0142em te flansze spasowa\u0107 z deklami, by przewierci\u0107 w deklach dok\u0142adnie otwory mocuj\u0105ce, potem wszystkie otwory we flanszach musia\u0142em nagwintowa\u0107 (ok 200 sztuk). W niedziel\u0119 przyst\u0105pi\u0142em do monta\u017cu &#8211; wspawywania flansz. Nie uda\u0142o si\u0119 sko\u0144czy\u0107 w niedzieln\u0119, a poniewa\u017c chcia\u0142em mie\u0107 ju\u017c to z g\u0142owy wzi\u0105\u0142em wolne na poniedzia\u0142ek i doko\u0144czy\u0142em ca\u0142y monta\u017c. Pozostaje tylko zaspawa\u0107 &#8222;na gotowo&#8221; zamontowa\u0107 uszczelki (ju\u017c zam\u00f3wione) sprawdzi\u0107 szczelno\u015b\u0107 zbiornik\u00f3w i po zamontowaniu w pokrywach &#8222;Zestaw\u00f3w monta\u017cowy do zbiornika paliwa&#8221; &#8211; VETUS&#8217;a odda\u0107 pokrywy do cynkowania i odfajkowa\u0107 temat.<\/p>\n<p>Szczeg\u00f3\u0142y jak zwykle odnajdziecie na fotkach.<\/p>\n<address><em>fotki: <a href=\"http:\/\/www.ciunczyk.com\/slawek\/Fayka\/index15.html\" target=\"_blank\">http:\/\/www.ciunczyk.com\/slawek\/Fayka\/<\/a> (strona pi\u0119tnasta)<\/em><\/address>\n","protected":false},"excerpt":{"rendered":"<p>Na pewno ka\u017cdy z Was ma takie tematy, do kt\u00f3rych podchodzi ja do je\u017ca. Wiadomo, \u017ce pr\u0119dzej czy p\u00f3\u017aniej trzeba to zrobi\u0107, ale cz\u0142owiek wyszukuje rozmaite powody by odsun\u0105\u0107 to w czasie jak najd\u0142u\u017cej. Dla mnie takim tematem by\u0142o przygotowanie &hellip; <a href=\"https:\/\/www.fayka.pl\/?p=803\">Czytaj dalej <span class=\"meta-nav\">&rarr;<\/span><\/a><\/p>\n","protected":false},"author":2,"featured_media":0,"comment_status":"open","ping_status":"open","sticky":false,"template":"","format":"standard","meta":{"footnotes":""},"categories":[5],"tags":[],"class_list":["post-803","post","type-post","status-publish","format-standard","hentry","category-gotowe"],"jetpack_featured_media_url":"","_links":{"self":[{"href":"https:\/\/www.fayka.pl\/index.php?rest_route=\/wp\/v2\/posts\/803","targetHints":{"allow":["GET"]}}],"collection":[{"href":"https:\/\/www.fayka.pl\/index.php?rest_route=\/wp\/v2\/posts"}],"about":[{"href":"https:\/\/www.fayka.pl\/index.php?rest_route=\/wp\/v2\/types\/post"}],"author":[{"embeddable":true,"href":"https:\/\/www.fayka.pl\/index.php?rest_route=\/wp\/v2\/users\/2"}],"replies":[{"embeddable":true,"href":"https:\/\/www.fayka.pl\/index.php?rest_route=%2Fwp%2Fv2%2Fcomments&post=803"}],"version-history":[{"count":0,"href":"https:\/\/www.fayka.pl\/index.php?rest_route=\/wp\/v2\/posts\/803\/revisions"}],"wp:attachment":[{"href":"https:\/\/www.fayka.pl\/index.php?rest_route=%2Fwp%2Fv2%2Fmedia&parent=803"}],"wp:term":[{"taxonomy":"category","embeddable":true,"href":"https:\/\/www.fayka.pl\/index.php?rest_route=%2Fwp%2Fv2%2Fcategories&post=803"},{"taxonomy":"post_tag","embeddable":true,"href":"https:\/\/www.fayka.pl\/index.php?rest_route=%2Fwp%2Fv2%2Ftags&post=803"}],"curies":[{"name":"wp","href":"https:\/\/api.w.org\/{rel}","templated":true}]}}